{"id":609,"date":"2020-08-14T20:19:29","date_gmt":"2020-08-14T20:19:29","guid":{"rendered":"http:\/\/www.0-auf-100.com\/?p=609"},"modified":"2020-08-14T20:22:09","modified_gmt":"2020-08-14T20:22:09","slug":"warum-14-august-2020","status":"publish","type":"post","link":"https:\/\/www.0-auf-100.com\/?p=609","title":{"rendered":"Warum ? &#8211; 14. August 2020"},"content":{"rendered":"\t\t<div data-elementor-type=\"wp-post\" data-elementor-id=\"609\" class=\"elementor elementor-609\">\n\t\t\t\t\t\t<section class=\"elementor-section elementor-top-section elementor-element elementor-element-1b043a86 elementor-section-content-middle elementor-reverse-mobile elementor-section-boxed elementor-section-height-default elementor-section-height-default\" data-id=\"1b043a86\" data-element_type=\"section\" data-e-type=\"section\">\n\t\t\t\t\t\t<div class=\"elementor-container elementor-column-gap-no\">\n\t\t\t\t\t<div class=\"elementor-column elementor-col-50 elementor-top-column elementor-element elementor-element-44e5d7e1\" data-id=\"44e5d7e1\" data-element_type=\"column\" data-e-type=\"column\">\n\t\t\t<div class=\"elementor-widget-wrap elementor-element-populated\">\n\t\t\t\t\t\t<div class=\"elementor-element elementor-element-1d367083 elementor-widget elementor-widget-text-editor\" data-id=\"1d367083\" data-element_type=\"widget\" data-e-type=\"widget\" data-widget_type=\"text-editor.default\">\n\t\t\t\t<div class=\"elementor-widget-container\">\n\t\t\t\t\t\t\t\t\t<p>0auf100 in 3 Monaten<\/p>\t\t\t\t\t\t\t\t<\/div>\n\t\t\t\t<\/div>\n\t\t\t\t<div class=\"elementor-element elementor-element-1aa24a3 elementor-widget elementor-widget-heading\" data-id=\"1aa24a3\" data-element_type=\"widget\" data-e-type=\"widget\" data-widget_type=\"heading.default\">\n\t\t\t\t<div class=\"elementor-widget-container\">\n\t\t\t\t\t<h3 class=\"elementor-heading-title elementor-size-default\">Kann man mit nur 3 Monaten Training 100 Kilometer laufen<\/h3>\t\t\t\t<\/div>\n\t\t\t\t<\/div>\n\t\t\t\t<div class=\"elementor-element elementor-element-45db7ebc elementor-widget elementor-widget-text-editor\" data-id=\"45db7ebc\" data-element_type=\"widget\" data-e-type=\"widget\" data-widget_type=\"text-editor.default\">\n\t\t\t\t<div class=\"elementor-widget-container\">\n\t\t\t\t\t\t\t\t\t<p>Noch einmal zur Erinnerung, warum das Projekt \u201eVon o auf 100\u201c ins Leben gerufen wurde.<\/p><p>Bedingt durch die sich immer mehr ver\u00e4ndernden Lebensumst\u00e4nde des modernen Lebens vergessen wir warum wir eigentlich angetreten sind.<\/p><p>Durch die hinzugekommene Corona Krise sind viele Menschen kontaktscheu und sch\u00fctten weniger Gl\u00fcckshormone aus. Dadurch steigt die Anzahl psychischer Erkrankungen und der Konsum von Aufputschmitteln und ungesunden Lebensmitteln steigt stetig an.<\/p><p>Als Folge davon leiden immer mehr Menschen an Dickleibigkeit, Zuckererkrankungen, Herz- Kreislauf und Blutdruckerkrankungen.<\/p><p>Dabei ist es so \u201eeinfach\u201c sich wieder seiner SELBST bewusst zu werden und den Fokus wieder auf seine WAHREN Ziele zu fokussieren.<span class=\"Apple-converted-space\">\u00a0<\/span><\/p><p><br \/>Was verloren gegangen ist, das Wissen, was es hei\u00dft wieder gesund und leistungsf\u00e4hig zu werden.<span class=\"Apple-converted-space\">\u00a0<\/span><\/p><p>Mir ging es die letzten NEUN Jahre \u00e4hnlich. Ich habe so gut wie keinen Sport mehr gemacht. Durch die Schlie\u00dfung unseres Gesch\u00e4ftes und der ganzen Absagen von Redevortr\u00e4gen hat es mir wieder bewusst gemacht, was im Leben wirklich z\u00e4hlt und wie man es schafft einen Fokus wieder zu finden.<\/p><p>Als ehemaliger Sportler, der sich sein Leben lang mit Training und Leistungsf\u00e4higkeit, mit Regeneration und Motivation besch\u00e4ftigt hat, lag es nahe ein Sportprojekt zu starten.<\/p><p>Also war die Idee geboren. Neun Jahre nach meinem letzten Marathon will ich am 13. September 2020 den Radweg der Deutschen Weinstrasse von BOCKENHEIM nach SCHWEIGEN-RECHTENBACH als L\u00e4ufer bew\u00e4ltigen. Das Training daf\u00fcr hat am 01. JUNI 2020 begonnen.<\/p><p>Also seid gespannt. Und folgt mir weiter auf diesem Medium. <\/p><p>\u201eDu kannst mehr als du Glaubst\u201c<\/p><p>\u00a0<\/p><p>#mehralsmarathon #vonnichtskommtnichts #100km #100kilometer #mehralsmarathon #laufen #training #motivation #0auf100in3monaten #willenskraft #willen #erfolg #erfolgheissttun #erfolgreichlaufen<\/p><p>#laufsport #spendenlauf #soskinderdorfde #tafel #donnersbergkreis #kirchheimbolanden #fitline #erfolg #motivationzumerfolg #spendenlauf<\/p><p>#spenden #soskinderd\u00f6rfer #dietafelndeutschland #partnerschaftf\u00fcrafrika<\/p><p>#deutscheweinstrasse #bockenheimanderweinstrasse #innererschweinehund #instarunners<\/p>\t\t\t\t\t\t\t\t<\/div>\n\t\t\t\t<\/div>\n\t\t\t\t\t<\/div>\n\t\t<\/div>\n\t\t\t\t<div class=\"elementor-column elementor-col-50 elementor-top-column elementor-element elementor-element-5629f725\" data-id=\"5629f725\" data-element_type=\"column\" data-e-type=\"column\">\n\t\t\t<div class=\"elementor-widget-wrap elementor-element-populated\">\n\t\t\t\t\t\t<div class=\"elementor-element elementor-element-39ae7377 elementor-widget elementor-widget-image\" data-id=\"39ae7377\" data-element_type=\"widget\" data-e-type=\"widget\" data-widget_type=\"image.default\">\n\t\t\t\t<div class=\"elementor-widget-container\">\n\t\t\t\t\t\t\t\t\t\t\t\t\t\t\t<img fetchpriority=\"high\" decoding=\"async\" width=\"2160\" height=\"2160\" src=\"https:\/\/www.0-auf-100.com\/wp-content\/uploads\/2020\/08\/Kopie-von-Kopie-von-Kopie-von-Kopie-von-Heute-ist-ein-guter-Tag-um-einen-guten-Tag-zu-haben-10.png\" class=\"attachment-full size-full wp-image-611\" alt=\"\" srcset=\"https:\/\/www.0-auf-100.com\/wp-content\/uploads\/2020\/08\/Kopie-von-Kopie-von-Kopie-von-Kopie-von-Heute-ist-ein-guter-Tag-um-einen-guten-Tag-zu-haben-10.png 2160w, https:\/\/www.0-auf-100.com\/wp-content\/uploads\/2020\/08\/Kopie-von-Kopie-von-Kopie-von-Kopie-von-Heute-ist-ein-guter-Tag-um-einen-guten-Tag-zu-haben-10-300x300.png 300w, https:\/\/www.0-auf-100.com\/wp-content\/uploads\/2020\/08\/Kopie-von-Kopie-von-Kopie-von-Kopie-von-Heute-ist-ein-guter-Tag-um-einen-guten-Tag-zu-haben-10-1024x1024.png 1024w, https:\/\/www.0-auf-100.com\/wp-content\/uploads\/2020\/08\/Kopie-von-Kopie-von-Kopie-von-Kopie-von-Heute-ist-ein-guter-Tag-um-einen-guten-Tag-zu-haben-10-150x150.png 150w, https:\/\/www.0-auf-100.com\/wp-content\/uploads\/2020\/08\/Kopie-von-Kopie-von-Kopie-von-Kopie-von-Heute-ist-ein-guter-Tag-um-einen-guten-Tag-zu-haben-10-768x768.png 768w, https:\/\/www.0-auf-100.com\/wp-content\/uploads\/2020\/08\/Kopie-von-Kopie-von-Kopie-von-Kopie-von-Heute-ist-ein-guter-Tag-um-einen-guten-Tag-zu-haben-10-1536x1536.png 1536w, https:\/\/www.0-auf-100.com\/wp-content\/uploads\/2020\/08\/Kopie-von-Kopie-von-Kopie-von-Kopie-von-Heute-ist-ein-guter-Tag-um-einen-guten-Tag-zu-haben-10-2048x2048.png 2048w\" sizes=\"(max-width: 2160px) 100vw, 2160px\" \/>\t\t\t\t\t\t\t\t\t\t\t\t\t\t\t<\/div>\n\t\t\t\t<\/div>\n\t\t\t\t\t<\/div>\n\t\t<\/div>\n\t\t\t\t\t<\/div>\n\t\t<\/section>\n\t\t\t\t<\/div>\n\t\t","protected":false},"excerpt":{"rendered":"<p>0auf100 in 3 Monaten Kann man mit nur 3 Monaten Training 100 Kilometer laufen Noch einmal zur Erinnerung, warum das&hellip;<\/p>\n","protected":false},"author":1,"featured_media":0,"comment_status":"open","ping_status":"open","sticky":false,"template":"","format":"standard","meta":{"footnotes":""},"categories":[6,7,3],"tags":[116,99,83,35,12,94,39,101,18,17],"class_list":["post-609","post","type-post","status-publish","format-standard","hentry","category-projektnews-von-0-auf-100","category-trainingsblog-von-0-auf-100","category-von-0-auf-100","tag-instarunners","tag-marathon","tag-mehralsmarathon","tag-mehralsnormal","tag-motivation","tag-motivationzumerfolg","tag-vielmehralsnormal","tag-weitlaufen","tag-willen","tag-willenskraft"],"_links":{"self":[{"href":"https:\/\/www.0-auf-100.com\/index.php?rest_route=\/wp\/v2\/posts\/609","targetHints":{"allow":["GET"]}}],"collection":[{"href":"https:\/\/www.0-auf-100.com\/index.php?rest_route=\/wp\/v2\/posts"}],"about":[{"href":"https:\/\/www.0-auf-100.com\/index.php?rest_route=\/wp\/v2\/types\/post"}],"author":[{"embeddable":true,"href":"https:\/\/www.0-auf-100.com\/index.php?rest_route=\/wp\/v2\/users\/1"}],"replies":[{"embeddable":true,"href":"https:\/\/www.0-auf-100.com\/index.php?rest_route=%2Fwp%2Fv2%2Fcomments&post=609"}],"version-history":[{"count":5,"href":"https:\/\/www.0-auf-100.com\/index.php?rest_route=\/wp\/v2\/posts\/609\/revisions"}],"predecessor-version":[{"id":615,"href":"https:\/\/www.0-auf-100.com\/index.php?rest_route=\/wp\/v2\/posts\/609\/revisions\/615"}],"wp:attachment":[{"href":"https:\/\/www.0-auf-100.com\/index.php?rest_route=%2Fwp%2Fv2%2Fmedia&parent=609"}],"wp:term":[{"taxonomy":"category","embeddable":true,"href":"https:\/\/www.0-auf-100.com\/index.php?rest_route=%2Fwp%2Fv2%2Fcategories&post=609"},{"taxonomy":"post_tag","embeddable":true,"href":"https:\/\/www.0-auf-100.com\/index.php?rest_route=%2Fwp%2Fv2%2Ftags&post=609"}],"curies":[{"name":"wp","href":"https:\/\/api.w.org\/{rel}","templated":true}]}}