{"id":333,"date":"2020-07-08T17:59:34","date_gmt":"2020-07-08T17:59:34","guid":{"rendered":"http:\/\/www.0-auf-100.com\/?p=333"},"modified":"2020-07-08T18:12:30","modified_gmt":"2020-07-08T18:12:30","slug":"laufen-mit-sabine-08-juli-2020","status":"publish","type":"post","link":"https:\/\/www.0-auf-100.com\/?p=333","title":{"rendered":"Laufen mit Sabine &#8211; 08. Juli 2020"},"content":{"rendered":"\t\t<div data-elementor-type=\"wp-post\" data-elementor-id=\"333\" class=\"elementor elementor-333\">\n\t\t\t\t\t\t<section class=\"elementor-section elementor-top-section elementor-element elementor-element-13624b9a elementor-section-content-middle elementor-reverse-mobile elementor-section-boxed elementor-section-height-default elementor-section-height-default\" data-id=\"13624b9a\" data-element_type=\"section\" data-e-type=\"section\">\n\t\t\t\t\t\t<div class=\"elementor-container elementor-column-gap-no\">\n\t\t\t\t\t<div class=\"elementor-column elementor-col-50 elementor-top-column elementor-element elementor-element-149535bd\" data-id=\"149535bd\" data-element_type=\"column\" data-e-type=\"column\">\n\t\t\t<div class=\"elementor-widget-wrap elementor-element-populated\">\n\t\t\t\t\t\t<div class=\"elementor-element elementor-element-49442bde elementor-widget elementor-widget-text-editor\" data-id=\"49442bde\" data-element_type=\"widget\" data-e-type=\"widget\" data-widget_type=\"text-editor.default\">\n\t\t\t\t<div class=\"elementor-widget-container\">\n\t\t\t\t\t\t\t\t\t<p>Lauftraining<\/p>\t\t\t\t\t\t\t\t<\/div>\n\t\t\t\t<\/div>\n\t\t\t\t<div class=\"elementor-element elementor-element-2178b599 elementor-widget elementor-widget-heading\" data-id=\"2178b599\" data-element_type=\"widget\" data-e-type=\"widget\" data-widget_type=\"heading.default\">\n\t\t\t\t<div class=\"elementor-widget-container\">\n\t\t\t\t\t<h3 class=\"elementor-heading-title elementor-size-default\">Danke Sabine<br>f\u00fcr den tollen<br>Trainingslauf<\/h3>\t\t\t\t<\/div>\n\t\t\t\t<\/div>\n\t\t\t\t<div class=\"elementor-element elementor-element-8ecb2ce elementor-widget elementor-widget-text-editor\" data-id=\"8ecb2ce\" data-element_type=\"widget\" data-e-type=\"widget\" data-widget_type=\"text-editor.default\">\n\t\t\t\t<div class=\"elementor-widget-container\">\n\t\t\t\t\t\t\t\t\t<p>Das Projekt &#8222;Von 0 auf 100&#8220; findet immer mehr Follower auf den sozialen Netzwerken. Ich bin so dankbar f\u00fcr die tolle Unterst\u00fctzung von meinen Freunden und Kollegen, die mich bei meinem Projekt unterst\u00fctzen werden.<\/p>\n<p>Vielen Dank Euch allen.<\/p>\n<p>Und manchmal erreichen mich Anfragen, ob man da mitlaufen kann. Die Antwort nat\u00fcrlich, wer will kann mitlaufen. Das kann keiner verbieten. Sabine, mit der ich heute einen sch\u00f6nen Trainingslauf hier in Kirchheimbolanden absolviert habe, wird die letzten 50 Kilometer mit mir laufen. Das finde ich ganz toll.<\/p>\n<p>Hier ein Link zu einem kleinen Video, aus meiner Story bei Instagram.&nbsp;<\/p>\n<p><a href=\"https:\/\/youtu.be\/8uJWJJs6rPg\" target=\"_blank\" rel=\"noopener\">https:\/\/youtu.be\/8uJWJJs6rPg<\/a><br><\/p>\n<p>Ich freue mich riesig auf den Tag und hoffe einige von Euch an der Strecke zu sehen.<\/p>\n<p>Bis dahin ist aber noch ein langer Weg.&nbsp;<\/p>\n<p><\/p>\t\t\t\t\t\t\t\t<\/div>\n\t\t\t\t<\/div>\n\t\t\t\t\t<\/div>\n\t\t<\/div>\n\t\t\t\t<div class=\"elementor-column elementor-col-50 elementor-top-column elementor-element elementor-element-50d70cf9\" data-id=\"50d70cf9\" data-element_type=\"column\" data-e-type=\"column\">\n\t\t\t<div class=\"elementor-widget-wrap elementor-element-populated\">\n\t\t\t\t\t\t<div class=\"elementor-element elementor-element-1da80796 elementor-widget elementor-widget-image\" data-id=\"1da80796\" data-element_type=\"widget\" data-e-type=\"widget\" data-widget_type=\"image.default\">\n\t\t\t\t<div class=\"elementor-widget-container\">\n\t\t\t\t\t\t\t\t\t\t\t\t\t\t\t<img fetchpriority=\"high\" decoding=\"async\" width=\"689\" height=\"625\" src=\"https:\/\/www.0-auf-100.com\/wp-content\/uploads\/2020\/07\/Bildschirmfoto-2020-07-08-um-20.00.41.png\" class=\"attachment-full size-full wp-image-335\" alt=\"\" srcset=\"https:\/\/www.0-auf-100.com\/wp-content\/uploads\/2020\/07\/Bildschirmfoto-2020-07-08-um-20.00.41.png 689w, https:\/\/www.0-auf-100.com\/wp-content\/uploads\/2020\/07\/Bildschirmfoto-2020-07-08-um-20.00.41-300x272.png 300w\" sizes=\"(max-width: 689px) 100vw, 689px\" \/>\t\t\t\t\t\t\t\t\t\t\t\t\t\t\t<\/div>\n\t\t\t\t<\/div>\n\t\t\t\t\t<\/div>\n\t\t<\/div>\n\t\t\t\t\t<\/div>\n\t\t<\/section>\n\t\t\t\t<\/div>\n\t\t","protected":false},"excerpt":{"rendered":"<p>Lauftraining Danke Sabinef\u00fcr den tollenTrainingslauf Das Projekt &#8222;Von 0 auf 100&#8220; findet immer mehr Follower auf den sozialen Netzwerken. Ich&hellip;<\/p>\n","protected":false},"author":1,"featured_media":0,"comment_status":"open","ping_status":"open","sticky":false,"template":"","format":"standard","meta":{"footnotes":""},"categories":[7,3],"tags":[60,28,43,87,85,14,74,88,86,38,32,16],"class_list":["post-333","post","type-post","status-publish","format-standard","hentry","category-trainingsblog-von-0-auf-100","category-von-0-auf-100","tag-100-kilometer","tag-100km","tag-karsten-kroll","tag-kirchheimbolanden","tag-kirchheimbolanden-schillerhain","tag-laufen","tag-laufenmachtgluecklich","tag-rheinland-pfalz","tag-schillerhain","tag-ultralaufen","tag-vonnichtskommtnichts","tag-vonnullaufhundert"],"_links":{"self":[{"href":"https:\/\/www.0-auf-100.com\/index.php?rest_route=\/wp\/v2\/posts\/333","targetHints":{"allow":["GET"]}}],"collection":[{"href":"https:\/\/www.0-auf-100.com\/index.php?rest_route=\/wp\/v2\/posts"}],"about":[{"href":"https:\/\/www.0-auf-100.com\/index.php?rest_route=\/wp\/v2\/types\/post"}],"author":[{"embeddable":true,"href":"https:\/\/www.0-auf-100.com\/index.php?rest_route=\/wp\/v2\/users\/1"}],"replies":[{"embeddable":true,"href":"https:\/\/www.0-auf-100.com\/index.php?rest_route=%2Fwp%2Fv2%2Fcomments&post=333"}],"version-history":[{"count":4,"href":"https:\/\/www.0-auf-100.com\/index.php?rest_route=\/wp\/v2\/posts\/333\/revisions"}],"predecessor-version":[{"id":339,"href":"https:\/\/www.0-auf-100.com\/index.php?rest_route=\/wp\/v2\/posts\/333\/revisions\/339"}],"wp:attachment":[{"href":"https:\/\/www.0-auf-100.com\/index.php?rest_route=%2Fwp%2Fv2%2Fmedia&parent=333"}],"wp:term":[{"taxonomy":"category","embeddable":true,"href":"https:\/\/www.0-auf-100.com\/index.php?rest_route=%2Fwp%2Fv2%2Fcategories&post=333"},{"taxonomy":"post_tag","embeddable":true,"href":"https:\/\/www.0-auf-100.com\/index.php?rest_route=%2Fwp%2Fv2%2Ftags&post=333"}],"curies":[{"name":"wp","href":"https:\/\/api.w.org\/{rel}","templated":true}]}}