{"id":1174,"date":"2024-08-22T09:49:54","date_gmt":"2024-08-22T09:49:54","guid":{"rendered":"https:\/\/www.0-auf-100.com\/?p=1174"},"modified":"2024-08-22T09:55:50","modified_gmt":"2024-08-22T09:55:50","slug":"alternativtraining-am-21-august-2024","status":"publish","type":"post","link":"https:\/\/www.0-auf-100.com\/?p=1174","title":{"rendered":"Alternativtraining am 21. August 2024"},"content":{"rendered":"\t\t<div data-elementor-type=\"wp-post\" data-elementor-id=\"1174\" class=\"elementor elementor-1174\">\n\t\t\t\t\t\t<section class=\"elementor-section elementor-top-section elementor-element elementor-element-75d91a1 elementor-section-boxed elementor-section-height-default elementor-section-height-default\" data-id=\"75d91a1\" data-element_type=\"section\" data-e-type=\"section\">\n\t\t\t\t\t\t<div class=\"elementor-container elementor-column-gap-default\">\n\t\t\t\t\t<div class=\"elementor-column elementor-col-100 elementor-top-column elementor-element elementor-element-9195a78\" data-id=\"9195a78\" data-element_type=\"column\" data-e-type=\"column\">\n\t\t\t<div class=\"elementor-widget-wrap elementor-element-populated\">\n\t\t\t\t\t\t<div class=\"elementor-element elementor-element-9e52787 elementor-widget elementor-widget-text-editor\" data-id=\"9e52787\" data-element_type=\"widget\" data-e-type=\"widget\" data-widget_type=\"text-editor.default\">\n\t\t\t\t<div class=\"elementor-widget-container\">\n\t\t\t\t\t\t\t\t\t<p><strong>Training f\u00fcr den Badenmarathon am 15.09.<\/strong><\/p><p>Gestern stand kein Lauf auf dem Programm, sondern ein Alternativtraining auf dem Rad. Dabei habe ich eine wundersch\u00f6ne Tour durch das Zellertal gemacht und einige kleine Clips gedreht. Wer mir auf Facebook folgt, kann das Video dort gerne anschauen und liken.<\/p><p>Das Zellertal ist nicht nur f\u00fcr seine malerische Landschaft bekannt, sondern auch f\u00fcr seine herausragenden Weine.\u00a0<a class=\"tooltip-target\" href=\"https:\/\/zellertal-aktiv.de\/weingueter\" target=\"_blank\" rel=\"noopener\" data-citationid=\"882e4b6c-7af8-0382-f29c-00cb50b08178-7-group\">Seit Jahrhunderten wird hier Wein angebaut, und die Region hat sich einen Namen f\u00fcr ihre charaktervollen, herzhaften und fruchtigen Weine gemacht<\/a>.\u00a0<a class=\"tooltip-target\" href=\"https:\/\/zellertal-aktiv.de\/weingueter\" target=\"_blank\" rel=\"noopener\" data-citationid=\"882e4b6c-7af8-0382-f29c-00cb50b08178-9-group\">Besonders bekannt ist der \u201eSchwarze Herrgott\u201c, ein Wein, der im vergangenen Jahrhundert Ber\u00fchmtheit erlangte<\/a>.\u00a0<a class=\"tooltip-target\" href=\"https:\/\/zellertal-aktiv.de\/weingueter\" target=\"_blank\" rel=\"noopener\" data-citationid=\"882e4b6c-7af8-0382-f29c-00cb50b08178-11-group\">Die Winzer des Zellertals profitieren vom besonderen Kleinklima an der Grenze zwischen Pfalz und Rheinhessen, das f\u00fcr sehr geringe Niederschl\u00e4ge und h\u00f6here Temperaturen sorgt<\/a><a class=\"ac-anchor sup-target\" href=\"https:\/\/zellertal-aktiv.de\/weingueter\" target=\"_blank\" rel=\"noopener\" data-citationid=\"882e4b6c-7af8-0382-f29c-00cb50b08178-11\" aria-label=\"1: Besonders bekannt ist der \u201eSchwarze Herrgott\u201c, ein Wein, der im vergangenen Jahrhundert Ber\u00fchmtheit erlangte1\"><sup class=\"citation-sup\">1<\/sup><\/a>.<\/p><p>Meine Fahrt f\u00fchrte mich bis nach Worms-Pfeddersheim, und auf dem R\u00fcckweg hatte ich mit starkem Wind zu k\u00e4mpfen. Aber wie sagt man so sch\u00f6n: Nur die Harten kommen weiter! <img decoding=\"async\" class=\"emoji\" role=\"img\" draggable=\"false\" src=\"https:\/\/s.w.org\/images\/core\/emoji\/15.0.3\/svg\/1f4aa.svg\" alt=\"\ud83d\udcaa\" \/><\/p><p>Demn\u00e4chst wird auch mein Instagram-Profil wieder online gehen. Zurzeit fehlt mir leider noch die Zeit, um es mit Content zu f\u00fcllen, aber das wird sich bald \u00e4ndern.<\/p><p>Der Badenmarathon r\u00fcckt immer n\u00e4her \u2013 am 15.09. ist es so weit. Ich hoffe, dass das Wetter dann mitspielt und wir einen tollen Lauf erleben k\u00f6nnen.<\/p>\t\t\t\t\t\t\t\t<\/div>\n\t\t\t\t<\/div>\n\t\t\t\t\t<\/div>\n\t\t<\/div>\n\t\t\t\t\t<\/div>\n\t\t<\/section>\n\t\t\t\t<section class=\"elementor-section elementor-top-section elementor-element elementor-element-a3017ea elementor-section-boxed elementor-section-height-default elementor-section-height-default\" data-id=\"a3017ea\" data-element_type=\"section\" data-e-type=\"section\">\n\t\t\t\t\t\t<div class=\"elementor-container elementor-column-gap-default\">\n\t\t\t\t\t<div class=\"elementor-column elementor-col-100 elementor-top-column elementor-element elementor-element-efeefb1\" data-id=\"efeefb1\" data-element_type=\"column\" data-e-type=\"column\">\n\t\t\t<div class=\"elementor-widget-wrap elementor-element-populated\">\n\t\t\t\t\t\t<div class=\"elementor-element elementor-element-73f9628 elementor-widget elementor-widget-image\" data-id=\"73f9628\" data-element_type=\"widget\" data-e-type=\"widget\" data-widget_type=\"image.default\">\n\t\t\t\t<div class=\"elementor-widget-container\">\n\t\t\t\t\t\t\t\t\t\t\t\t\t\t\t<img fetchpriority=\"high\" decoding=\"async\" width=\"1024\" height=\"562\" src=\"https:\/\/www.0-auf-100.com\/wp-content\/uploads\/2024\/08\/21-08-tour-1024x562.png\" class=\"attachment-large size-large wp-image-1177\" alt=\"\" srcset=\"https:\/\/www.0-auf-100.com\/wp-content\/uploads\/2024\/08\/21-08-tour-1024x562.png 1024w, https:\/\/www.0-auf-100.com\/wp-content\/uploads\/2024\/08\/21-08-tour-300x165.png 300w, https:\/\/www.0-auf-100.com\/wp-content\/uploads\/2024\/08\/21-08-tour-768x422.png 768w, https:\/\/www.0-auf-100.com\/wp-content\/uploads\/2024\/08\/21-08-tour.png 1180w\" sizes=\"(max-width: 1024px) 100vw, 1024px\" \/>\t\t\t\t\t\t\t\t\t\t\t\t\t\t\t<\/div>\n\t\t\t\t<\/div>\n\t\t\t\t\t<\/div>\n\t\t<\/div>\n\t\t\t\t\t<\/div>\n\t\t<\/section>\n\t\t\t\t<\/div>\n\t\t","protected":false},"excerpt":{"rendered":"<p>Training f\u00fcr den Badenmarathon am 15.09. Gestern stand kein Lauf auf dem Programm, sondern ein Alternativtraining auf dem Rad. Dabei&hellip;<\/p>\n","protected":false},"author":1,"featured_media":1181,"comment_status":"open","ping_status":"open","sticky":false,"template":"","format":"standard","meta":{"footnotes":""},"categories":[167,3],"tags":[14,74,83,35,12,94,38,39,17,19],"class_list":["post-1174","post","type-post","status-publish","format-standard","has-post-thumbnail","hentry","category-training-baden-marathon-2024","category-von-0-auf-100","tag-laufen","tag-laufenmachtgluecklich","tag-mehralsmarathon","tag-mehralsnormal","tag-motivation","tag-motivationzumerfolg","tag-ultralaufen","tag-vielmehralsnormal","tag-willenskraft","tag-willensstaerke"],"_links":{"self":[{"href":"https:\/\/www.0-auf-100.com\/index.php?rest_route=\/wp\/v2\/posts\/1174","targetHints":{"allow":["GET"]}}],"collection":[{"href":"https:\/\/www.0-auf-100.com\/index.php?rest_route=\/wp\/v2\/posts"}],"about":[{"href":"https:\/\/www.0-auf-100.com\/index.php?rest_route=\/wp\/v2\/types\/post"}],"author":[{"embeddable":true,"href":"https:\/\/www.0-auf-100.com\/index.php?rest_route=\/wp\/v2\/users\/1"}],"replies":[{"embeddable":true,"href":"https:\/\/www.0-auf-100.com\/index.php?rest_route=%2Fwp%2Fv2%2Fcomments&post=1174"}],"version-history":[{"count":4,"href":"https:\/\/www.0-auf-100.com\/index.php?rest_route=\/wp\/v2\/posts\/1174\/revisions"}],"predecessor-version":[{"id":1180,"href":"https:\/\/www.0-auf-100.com\/index.php?rest_route=\/wp\/v2\/posts\/1174\/revisions\/1180"}],"wp:featuredmedia":[{"embeddable":true,"href":"https:\/\/www.0-auf-100.com\/index.php?rest_route=\/wp\/v2\/media\/1181"}],"wp:attachment":[{"href":"https:\/\/www.0-auf-100.com\/index.php?rest_route=%2Fwp%2Fv2%2Fmedia&parent=1174"}],"wp:term":[{"taxonomy":"category","embeddable":true,"href":"https:\/\/www.0-auf-100.com\/index.php?rest_route=%2Fwp%2Fv2%2Fcategories&post=1174"},{"taxonomy":"post_tag","embeddable":true,"href":"https:\/\/www.0-auf-100.com\/index.php?rest_route=%2Fwp%2Fv2%2Ftags&post=1174"}],"curies":[{"name":"wp","href":"https:\/\/api.w.org\/{rel}","templated":true}]}}