{"id":1130,"date":"2024-07-22T11:39:34","date_gmt":"2024-07-22T11:39:34","guid":{"rendered":"http:\/\/www.0-auf-100.com\/?p=1130"},"modified":"2024-07-23T12:18:00","modified_gmt":"2024-07-23T12:18:00","slug":"ein-tag-auf-dem-fahrrad-eine-rueckkehr-nach-ueber-einem-jahr","status":"publish","type":"post","link":"https:\/\/www.0-auf-100.com\/?p=1130","title":{"rendered":"Ein Tag auf dem Fahrrad: Eine R\u00fcckkehr nach \u00fcber einem Jahr"},"content":{"rendered":"\t\t<div data-elementor-type=\"wp-post\" data-elementor-id=\"1130\" class=\"elementor elementor-1130\">\n\t\t\t\t\t\t<section class=\"elementor-section elementor-top-section elementor-element elementor-element-307bb192 elementor-section-boxed elementor-section-height-default elementor-section-height-default\" data-id=\"307bb192\" data-element_type=\"section\" data-e-type=\"section\">\n\t\t\t\t\t\t<div class=\"elementor-container elementor-column-gap-default\">\n\t\t\t\t\t<div class=\"elementor-column elementor-col-100 elementor-top-column elementor-element elementor-element-5baa89f0\" data-id=\"5baa89f0\" data-element_type=\"column\" data-e-type=\"column\">\n\t\t\t<div class=\"elementor-widget-wrap elementor-element-populated\">\n\t\t\t\t\t\t<div class=\"elementor-element elementor-element-1e30d2cb elementor-widget elementor-widget-text-editor\" data-id=\"1e30d2cb\" data-element_type=\"widget\" data-e-type=\"widget\" data-widget_type=\"text-editor.default\">\n\t\t\t\t<div class=\"elementor-widget-container\">\n\t\t\t\t\t\t\t\t\t<p><\/p>\n<p>Heute war ein besonderer Tag f\u00fcr mich, denn nach \u00fcber einem Jahr bin ich endlich wieder aufs Fahrrad gestiegen. Es war ein herrlicher Sommertag mit milden Temperaturen um die 22 Grad Celsius und einem leichten, erfrischenden Wind. Der Himmel war strahlend blau mit nur wenigen, verstreuten Wolken \u2013 ideale Bedingungen f\u00fcr eine entspannte Radtour.<\/p>\n<p><\/p>\n<p><\/p>\n<h4 class=\"wp-block-heading\">Die Strecke: Hinweg auf dem Zellertalradweg<\/h4>\n<p><\/p>\n<p><\/p>\n<p>Unsere Tour begann auf dem malerischen Zellertalradweg, einer Strecke, die sich durch die idyllischen Weind\u00f6rfer der Region schl\u00e4ngelt. Der Weg ist ges\u00e4umt von \u00fcppigen Weinbergen, die im Sonnenlicht leuchteten, und charmanten kleinen Ortschaften, die zu einer Pause einluden. Die sanften H\u00fcgel und das satte Gr\u00fcn der Reben boten eine wundersch\u00f6ne Kulisse und machten die Fahrt zu einem visuellen Genuss.<\/p>\n<p><\/p>\n<p><\/p>\n<p>Auf dem Zellertalradweg genie\u00dft man nicht nur die Ruhe der Natur, sondern auch die Architektur der historischen Weing\u00fcter und die Freundlichkeit der Menschen, die man unterwegs trifft. Die Route ist nicht nur bei Radfahrern beliebt, sondern auch bei Wanderern, die die Sch\u00f6nheit der Pfalz zu Fu\u00df erkunden.<\/p>\n<p><\/p>\n<p><\/p>\n<h4 class=\"wp-block-heading\">R\u00fcckfahrt \u00fcber die Panoramastra\u00dfe Zellertal<\/h4>\n<p><\/p>\n<p><\/p>\n<p>F\u00fcr die R\u00fcckfahrt w\u00e4hlte ich die Panoramastra\u00dfe Zellertal, die mich mit atemberaubenden Ausblicken auf den Donnersberg und die Rheinebene belohnte. Diese Route bietet eine spektakul\u00e4re Aussicht und ist bekannt f\u00fcr ihre malerischen Landschaften. W\u00e4hrend der Fahrt konnte ich die majest\u00e4tische Silhouette des Donnersbergs bewundern, der sich imposant \u00fcber die Landschaft erhebt.<\/p>\n<p><\/p>\n<p><\/p>\n<p>Die Panoramastra\u00dfe ist etwas anspruchsvoller als der Zellertalradweg, da sie einige Steigungen enth\u00e4lt, aber die M\u00fche lohnt sich definitiv. Die klare Luft und die weite Sicht \u00fcber das Tal bis hin zur Rheinebene sind einfach unvergleichlich. Es ist ein gro\u00dfartiger Ort, um innezuhalten und die Sch\u00f6nheit der Natur zu genie\u00dfen.<\/p>\n<p><\/p>\n<p><\/p>\n<h4 class=\"wp-block-heading\">Eine kleine Auszeit vom Trainingsalltag<\/h4>\n<p><\/p>\n<p><\/p>\n<p>Diese Radtour war eine willkommene Abwechslung vom intensiven Trainingsalltag. Heute ging es nicht um Geschwindigkeit oder Leistung, sondern um das Genie\u00dfen der Umgebung und das Entspannen in der Natur. Mit einem gem\u00fctlichen Tempo und ohne festen Trainingsplan habe ich die kleine Radtour in vollen Z\u00fcgen genossen. Manchmal ist es wichtig, sich eine Pause zu g\u00f6nnen und einfach die Freude am Sport und an der Bewegung zu erleben, ohne den Druck eines strikten Trainingsprogramms. Es war mal wieder ein echtes Vergn\u00fcgen auf dem Rad zu sein.<\/p>\n<p><\/p>\n<p><\/p>\n<h4 class=\"wp-block-heading\">Ein sportlicher Abschluss: 9-Loch Golfturnier<\/h4>\n<p><\/p>\n<p><\/p>\n<p>Der Tag ist jedoch noch nicht zu Ende, denn heute Abend steht noch ein 9-Loch Golfturnier auf dem Programm. Nach der entspannten Radtour bin ich gespannt, wie es auf dem Golfplatz laufen wird. Golf erfordert nicht nur k\u00f6rperliche Fitness, sondern auch Konzentration und Pr\u00e4zision \u2013 eine interessante Herausforderung nach einem Tag in der Natur.<\/p>\n<p><\/p>\n<p><\/p>\n<p>Insgesamt war es ein perfekter Tag, um den Sommer zu genie\u00dfen, neue Energie zu tanken und gleichzeitig sportlich aktiv zu bleiben. Egal wie das Golfturnier ausgeht, ich freue mich einfach darauf, den Tag mit einer weiteren sportlichen Aktivit\u00e4t abzurunden.<\/p>\n<p><\/p>\n<p><\/p>\n<p>Bis zum n\u00e4chsten Mal, bleibt aktiv und genie\u00dft den Sommer!<\/p>\n<p><\/p>\t\t\t\t\t\t\t\t<\/div>\n\t\t\t\t<\/div>\n\t\t\t\t\t<\/div>\n\t\t<\/div>\n\t\t\t\t\t<\/div>\n\t\t<\/section>\n\t\t\t\t<section class=\"elementor-section elementor-top-section elementor-element elementor-element-47a350a elementor-section-boxed elementor-section-height-default elementor-section-height-default\" data-id=\"47a350a\" data-element_type=\"section\" data-e-type=\"section\">\n\t\t\t\t\t\t<div class=\"elementor-container elementor-column-gap-default\">\n\t\t\t\t\t<div class=\"elementor-column elementor-col-100 elementor-top-column elementor-element elementor-element-79d4844\" data-id=\"79d4844\" data-element_type=\"column\" data-e-type=\"column\">\n\t\t\t<div class=\"elementor-widget-wrap elementor-element-populated\">\n\t\t\t\t\t\t<div class=\"elementor-element elementor-element-c7f42de elementor-widget elementor-widget-image\" data-id=\"c7f42de\" data-element_type=\"widget\" data-e-type=\"widget\" data-widget_type=\"image.default\">\n\t\t\t\t<div class=\"elementor-widget-container\">\n\t\t\t\t\t\t\t\t\t\t\t\t\t\t\t<img fetchpriority=\"high\" decoding=\"async\" width=\"1024\" height=\"722\" src=\"https:\/\/www.0-auf-100.com\/wp-content\/uploads\/2024\/07\/Bildschirmfoto-2024-07-22-um-13.20.11-1024x722.png\" class=\"attachment-large size-large wp-image-1132\" alt=\"\" srcset=\"https:\/\/www.0-auf-100.com\/wp-content\/uploads\/2024\/07\/Bildschirmfoto-2024-07-22-um-13.20.11-1024x722.png 1024w, https:\/\/www.0-auf-100.com\/wp-content\/uploads\/2024\/07\/Bildschirmfoto-2024-07-22-um-13.20.11-300x211.png 300w, https:\/\/www.0-auf-100.com\/wp-content\/uploads\/2024\/07\/Bildschirmfoto-2024-07-22-um-13.20.11-768x541.png 768w, https:\/\/www.0-auf-100.com\/wp-content\/uploads\/2024\/07\/Bildschirmfoto-2024-07-22-um-13.20.11-1536x1083.png 1536w, https:\/\/www.0-auf-100.com\/wp-content\/uploads\/2024\/07\/Bildschirmfoto-2024-07-22-um-13.20.11.png 1660w\" sizes=\"(max-width: 1024px) 100vw, 1024px\" \/>\t\t\t\t\t\t\t\t\t\t\t\t\t\t\t<\/div>\n\t\t\t\t<\/div>\n\t\t\t\t\t<\/div>\n\t\t<\/div>\n\t\t\t\t\t<\/div>\n\t\t<\/section>\n\t\t\t\t<\/div>\n\t\t","protected":false},"excerpt":{"rendered":"<p>Heute war ein besonderer Tag f\u00fcr mich, denn nach \u00fcber einem Jahr bin ich endlich wieder aufs Fahrrad gestiegen. Es&hellip;<\/p>\n","protected":false},"author":1,"featured_media":1131,"comment_status":"open","ping_status":"open","sticky":false,"template":"","format":"standard","meta":{"footnotes":""},"categories":[7,1,3],"tags":[35,12,94,168,169,25,39,17],"class_list":["post-1130","post","type-post","status-publish","format-standard","has-post-thumbnail","hentry","category-trainingsblog-von-0-auf-100","category-uncategorized","category-von-0-auf-100","tag-mehralsnormal","tag-motivation","tag-motivationzumerfolg","tag-radfahren","tag-rennrad","tag-sport","tag-vielmehralsnormal","tag-willenskraft"],"_links":{"self":[{"href":"https:\/\/www.0-auf-100.com\/index.php?rest_route=\/wp\/v2\/posts\/1130","targetHints":{"allow":["GET"]}}],"collection":[{"href":"https:\/\/www.0-auf-100.com\/index.php?rest_route=\/wp\/v2\/posts"}],"about":[{"href":"https:\/\/www.0-auf-100.com\/index.php?rest_route=\/wp\/v2\/types\/post"}],"author":[{"embeddable":true,"href":"https:\/\/www.0-auf-100.com\/index.php?rest_route=\/wp\/v2\/users\/1"}],"replies":[{"embeddable":true,"href":"https:\/\/www.0-auf-100.com\/index.php?rest_route=%2Fwp%2Fv2%2Fcomments&post=1130"}],"version-history":[{"count":10,"href":"https:\/\/www.0-auf-100.com\/index.php?rest_route=\/wp\/v2\/posts\/1130\/revisions"}],"predecessor-version":[{"id":1143,"href":"https:\/\/www.0-auf-100.com\/index.php?rest_route=\/wp\/v2\/posts\/1130\/revisions\/1143"}],"wp:featuredmedia":[{"embeddable":true,"href":"https:\/\/www.0-auf-100.com\/index.php?rest_route=\/wp\/v2\/media\/1131"}],"wp:attachment":[{"href":"https:\/\/www.0-auf-100.com\/index.php?rest_route=%2Fwp%2Fv2%2Fmedia&parent=1130"}],"wp:term":[{"taxonomy":"category","embeddable":true,"href":"https:\/\/www.0-auf-100.com\/index.php?rest_route=%2Fwp%2Fv2%2Fcategories&post=1130"},{"taxonomy":"post_tag","embeddable":true,"href":"https:\/\/www.0-auf-100.com\/index.php?rest_route=%2Fwp%2Fv2%2Ftags&post=1130"}],"curies":[{"name":"wp","href":"https:\/\/api.w.org\/{rel}","templated":true}]}}