{"id":1109,"date":"2024-07-16T12:58:31","date_gmt":"2024-07-16T12:58:31","guid":{"rendered":"http:\/\/www.0-auf-100.com\/?p=1109"},"modified":"2024-07-17T16:09:59","modified_gmt":"2024-07-17T16:09:59","slug":"intervalle-und-herausforderungen","status":"publish","type":"post","link":"https:\/\/www.0-auf-100.com\/?p=1109","title":{"rendered":"Intervalle und Herausforderungen"},"content":{"rendered":"\t\t<div data-elementor-type=\"wp-post\" data-elementor-id=\"1109\" class=\"elementor elementor-1109\">\n\t\t\t\t\t\t<section class=\"elementor-section elementor-top-section elementor-element elementor-element-5b50734 elementor-section-boxed elementor-section-height-default elementor-section-height-default\" data-id=\"5b50734\" data-element_type=\"section\" data-e-type=\"section\">\n\t\t\t\t\t\t<div class=\"elementor-container elementor-column-gap-default\">\n\t\t\t\t\t<div class=\"elementor-column elementor-col-100 elementor-top-column elementor-element elementor-element-4a6a1ca\" data-id=\"4a6a1ca\" data-element_type=\"column\" data-e-type=\"column\">\n\t\t\t<div class=\"elementor-widget-wrap elementor-element-populated\">\n\t\t\t\t\t\t<div class=\"elementor-element elementor-element-3edf1a2 elementor-widget elementor-widget-text-editor\" data-id=\"3edf1a2\" data-element_type=\"widget\" data-e-type=\"widget\" data-widget_type=\"text-editor.default\">\n\t\t\t\t<div class=\"elementor-widget-container\">\n\t\t\t\t\t\t\t\t\t<p>Die Vorbereitung auf den Badenmarathon ist in vollem Gange und jeder Trainingslauf bringt mich ein St\u00fcck n\u00e4her an mein Ziel. Heute stand eine anspruchsvolle Intervalleinheit auf dem Programm, die mich nicht nur k\u00f6rperlich, sondern auch mental gefordert hat. Ich m\u00f6chte euch von diesem Lauf berichten und meine Erfahrungen teilen.<\/p><h4>Das Intervalltraining: Eine Herausforderung<\/h4><p>F\u00fcr heute hatte ich mir 3 Intervalle \u00e0 10 Minuten im h\u00f6heren Tempo vorgenommen. Intervalltraining ist eine effektive Methode, um die Geschwindigkeit und Ausdauer zu verbessern. Es hilft mir, mich an das geplante Wettkampftempo heranzuarbeiten und meine Zielzeit von 3:45 Stunden f\u00fcr den Marathon zu erreichen. Die Intervalle liefen wie folgt ab:<\/p><ul><li><strong>Intervall 1:<\/strong> 10 Minuten im Tempo von 4:45 Minuten pro Kilometer \/ 1:30 Minuten gehen<\/li><li><strong>Intervall 2:<\/strong> 10 Minuten im Tempo von 4:45 Minuten pro Kilometer \/ 1:30 Minuten gehen<\/li><li><strong>Intervall 3:<\/strong> 10 Minuten im Tempo von 4:45 Minuten pro Kilometer \/ 1:30 Minuten gehen<\/li><\/ul><h4>Die Strecke: Von Albisheim nach Marnheim und zur\u00fcck<\/h4><p>Meine heutige Route f\u00fchrte mich auf dem Radweg von Albisheim nach Marnheim und wieder zur\u00fcck. Der Radweg ist eine meiner Lieblingsstrecken f\u00fcr solche Einheiten, da er gut ausgebaut und landschaftlich reizvoll ist. Allerdings gab es heute einige Herausforderungen zu bew\u00e4ltigen.<\/p><h4>Wetterbedingungen: Wind und Regen<\/h4><p>Das Wetter war heute eine echte Herausforderung. Ein starker Wind aus westlichen Richtungen machte das Laufen teilweise sehr anstrengend. Besonders auf dem Hinweg nach Marnheim blies mir der Wind ins Gesicht und verlangte mir einiges ab. Dazu kam, dass es zwischendurch immer wieder regnete, was die Strecke rutschig machte und zus\u00e4tzliche Konzentration erforderte.<\/p><h4>Die Intervalle: Harte Arbeit f\u00fcr das Ziel<\/h4><p>Trotz der widrigen Bedingungen gelang es mir, die Intervalle wie geplant zu laufen. Mit einem Tempo von 4:45 Minuten pro Kilometer f\u00fchlte ich mich zwar gefordert, aber nicht \u00fcberfordert. Es ist ein gutes Gef\u00fchl, zu wissen, dass ich auf dem richtigen Weg bin und mich Schritt f\u00fcr Schritt an mein Wettkampftempo heranarbeite.<\/p><h4>Mentale St\u00e4rke: Ein wichtiger Faktor<\/h4><p>Solche L\u00e4ufe sind nicht nur k\u00f6rperlich anstrengend, sondern erfordern auch mentale St\u00e4rke. Der Wind und der Regen h\u00e4tten leicht die Motivation d\u00e4mpfen k\u00f6nnen, aber ich blieb fokussiert auf mein Ziel. Diese mentale St\u00e4rke ist genauso wichtig wie die k\u00f6rperliche Vorbereitung und wird mir am Marathontag sicherlich zugutekommen.<\/p><h4>Fazit: Ein weiterer Schritt Richtung Marathon<\/h4><p>Der heutige Trainingslauf war herausfordernd, aber erfolgreich. Ich bin zuversichtlich, dass ich mit dieser Vorbereitung mein Ziel von 3:45 Stunden beim Badenmarathon erreichen kann. Jeder Trainingslauf, jede Herausforderung bringt mich n\u00e4her an dieses Ziel.<\/p><p>F\u00fcr alle, die ebenfalls einen Marathon planen, kann ich nur sagen: Lasst euch nicht von schwierigen Bedingungen entmutigen. Jede Einheit, jeder Schritt z\u00e4hlt und bringt euch n\u00e4her an euer Ziel. Bleibt dran, haltet durch und glaubt an euch!<\/p><p>Viel Erfolg bei euren eigenen Vorbereitungen und vielleicht sehen wir uns ja beim Badenmarathon!<\/p><hr \/>\t\t\t\t\t\t\t\t<\/div>\n\t\t\t\t<\/div>\n\t\t\t\t\t<\/div>\n\t\t<\/div>\n\t\t\t\t\t<\/div>\n\t\t<\/section>\n\t\t\t\t<section class=\"elementor-section elementor-top-section elementor-element elementor-element-67bc17b elementor-section-boxed elementor-section-height-default elementor-section-height-default\" data-id=\"67bc17b\" data-element_type=\"section\" data-e-type=\"section\">\n\t\t\t\t\t\t<div class=\"elementor-container elementor-column-gap-default\">\n\t\t\t\t\t<div class=\"elementor-column elementor-col-100 elementor-top-column elementor-element elementor-element-5669879\" data-id=\"5669879\" data-element_type=\"column\" data-e-type=\"column\">\n\t\t\t<div class=\"elementor-widget-wrap elementor-element-populated\">\n\t\t\t\t\t\t<div class=\"elementor-element elementor-element-2555d8a elementor-widget elementor-widget-image\" data-id=\"2555d8a\" data-element_type=\"widget\" data-e-type=\"widget\" data-widget_type=\"image.default\">\n\t\t\t\t<div class=\"elementor-widget-container\">\n\t\t\t\t\t\t\t\t\t\t\t\t\t\t\t<img fetchpriority=\"high\" decoding=\"async\" width=\"1024\" height=\"837\" src=\"https:\/\/www.0-auf-100.com\/wp-content\/uploads\/2024\/07\/Bildschirmfoto-2024-07-16-um-14.51.39-1024x837.png\" class=\"attachment-large size-large wp-image-1114\" alt=\"\" srcset=\"https:\/\/www.0-auf-100.com\/wp-content\/uploads\/2024\/07\/Bildschirmfoto-2024-07-16-um-14.51.39-1024x837.png 1024w, https:\/\/www.0-auf-100.com\/wp-content\/uploads\/2024\/07\/Bildschirmfoto-2024-07-16-um-14.51.39-300x245.png 300w, https:\/\/www.0-auf-100.com\/wp-content\/uploads\/2024\/07\/Bildschirmfoto-2024-07-16-um-14.51.39-768x628.png 768w, https:\/\/www.0-auf-100.com\/wp-content\/uploads\/2024\/07\/Bildschirmfoto-2024-07-16-um-14.51.39.png 1536w\" sizes=\"(max-width: 1024px) 100vw, 1024px\" \/>\t\t\t\t\t\t\t\t\t\t\t\t\t\t\t<\/div>\n\t\t\t\t<\/div>\n\t\t\t\t\t<\/div>\n\t\t<\/div>\n\t\t\t\t\t<\/div>\n\t\t<\/section>\n\t\t\t\t<\/div>\n\t\t","protected":false},"excerpt":{"rendered":"<p>Die Vorbereitung auf den Badenmarathon ist in vollem Gange und jeder Trainingslauf bringt mich ein St\u00fcck n\u00e4her an mein Ziel.&hellip;<\/p>\n","protected":false},"author":1,"featured_media":1108,"comment_status":"open","ping_status":"open","sticky":false,"template":"","format":"standard","meta":{"footnotes":""},"categories":[167,3],"tags":[14,74,83,35,12,94,38,39,17,19],"class_list":["post-1109","post","type-post","status-publish","format-standard","has-post-thumbnail","hentry","category-training-baden-marathon-2024","category-von-0-auf-100","tag-laufen","tag-laufenmachtgluecklich","tag-mehralsmarathon","tag-mehralsnormal","tag-motivation","tag-motivationzumerfolg","tag-ultralaufen","tag-vielmehralsnormal","tag-willenskraft","tag-willensstaerke"],"_links":{"self":[{"href":"https:\/\/www.0-auf-100.com\/index.php?rest_route=\/wp\/v2\/posts\/1109","targetHints":{"allow":["GET"]}}],"collection":[{"href":"https:\/\/www.0-auf-100.com\/index.php?rest_route=\/wp\/v2\/posts"}],"about":[{"href":"https:\/\/www.0-auf-100.com\/index.php?rest_route=\/wp\/v2\/types\/post"}],"author":[{"embeddable":true,"href":"https:\/\/www.0-auf-100.com\/index.php?rest_route=\/wp\/v2\/users\/1"}],"replies":[{"embeddable":true,"href":"https:\/\/www.0-auf-100.com\/index.php?rest_route=%2Fwp%2Fv2%2Fcomments&post=1109"}],"version-history":[{"count":7,"href":"https:\/\/www.0-auf-100.com\/index.php?rest_route=\/wp\/v2\/posts\/1109\/revisions"}],"predecessor-version":[{"id":1118,"href":"https:\/\/www.0-auf-100.com\/index.php?rest_route=\/wp\/v2\/posts\/1109\/revisions\/1118"}],"wp:featuredmedia":[{"embeddable":true,"href":"https:\/\/www.0-auf-100.com\/index.php?rest_route=\/wp\/v2\/media\/1108"}],"wp:attachment":[{"href":"https:\/\/www.0-auf-100.com\/index.php?rest_route=%2Fwp%2Fv2%2Fmedia&parent=1109"}],"wp:term":[{"taxonomy":"category","embeddable":true,"href":"https:\/\/www.0-auf-100.com\/index.php?rest_route=%2Fwp%2Fv2%2Fcategories&post=1109"},{"taxonomy":"post_tag","embeddable":true,"href":"https:\/\/www.0-auf-100.com\/index.php?rest_route=%2Fwp%2Fv2%2Ftags&post=1109"}],"curies":[{"name":"wp","href":"https:\/\/api.w.org\/{rel}","templated":true}]}}