{"id":1072,"date":"2024-07-01T12:23:23","date_gmt":"2024-07-01T12:23:23","guid":{"rendered":"https:\/\/www.0-auf-100.com\/?p=1072"},"modified":"2024-07-17T16:11:03","modified_gmt":"2024-07-17T16:11:03","slug":"ein-regenlauf-durch-das-malerische-zellertal","status":"publish","type":"post","link":"https:\/\/www.0-auf-100.com\/?p=1072","title":{"rendered":"Ein Regenlauf durch das malerische Zellertal"},"content":{"rendered":"\t\t<div data-elementor-type=\"wp-post\" data-elementor-id=\"1072\" class=\"elementor elementor-1072\">\n\t\t\t\t\t\t<section class=\"elementor-section elementor-top-section elementor-element elementor-element-36533c46 elementor-section-boxed elementor-section-height-default elementor-section-height-default\" data-id=\"36533c46\" data-element_type=\"section\" data-e-type=\"section\">\n\t\t\t\t\t\t<div class=\"elementor-container elementor-column-gap-default\">\n\t\t\t\t\t<div class=\"elementor-column elementor-col-100 elementor-top-column elementor-element elementor-element-368af616\" data-id=\"368af616\" data-element_type=\"column\" data-e-type=\"column\">\n\t\t\t<div class=\"elementor-widget-wrap elementor-element-populated\">\n\t\t\t\t\t\t<div class=\"elementor-element elementor-element-29f10778 elementor-widget elementor-widget-text-editor\" data-id=\"29f10778\" data-element_type=\"widget\" data-e-type=\"widget\" data-widget_type=\"text-editor.default\">\n\t\t\t\t<div class=\"elementor-widget-container\">\n\t\t\t\t\t\t\t\t\t\n<h1 class=\"wp-block-heading\">Von Monsheim zur Kl\u00e4ranlage und zur\u00fcck<\/h1>\n\n<p><em>Regen, Natur und Bewegung \u2013 eine perfekte Kombination f\u00fcr L\u00e4ufer.<\/em><\/p>\n\n<p>Gestern hatte ich Lust zu Laufen. Geplant war eigentlich ein Start beim Trierer Stadtlauf, der aber leider schon ausgebucht war. Mein Plan war dann von der Kl\u00e4ranlage Monsheim den Zelltalradweg nach Hause zu laufen. Das Zellertal ist bekannt f\u00fcr seine atemberaubende Landschaft, und ich wollte diese Gelegenheit nutzen, um meine Laufschuhe zu schn\u00fcren und die Natur zu genie\u00dfen. Leider spielte das Wetter nicht ganz so mit.<\/p>\n\n<h3 class=\"wp-block-heading\">Die Route<\/h3>\n\n<p>Der Startpunkt war die Kl\u00e4ranlage in Monsheim. Von dort aus folgte ich dem Zelltalradweg, der sich malerisch durch das Tal schl\u00e4ngelt. Die gr\u00fcnen Wiesen, die sanften H\u00fcgel und die klare Luft machten den Lauf zu einem wahren Genuss. Unterwegs konnte ich die Sch\u00f6nheit der Natur in vollen Z\u00fcgen genie\u00dfen.<\/p>\n\n<h3 class=\"wp-block-heading\">Impressionen festgehalten<\/h3>\n\n<p>Auch zu diesem Lauf habe ich ein kleines Video aufgenommen und bearbeitet.<\/p>\n\n<p>\u00a0<\/p>\n\n<h3 class=\"wp-block-heading\">Der Regen<\/h3>\n\n<p>Das Wetter war gr\u00f6\u00dftenteils gn\u00e4dig zu mir. Es regnete zwar st\u00e4ndig, aber nur leicht. Die Tropfen auf meinem Gesicht f\u00fchlten sich erfrischend an, und ich genoss jeden Moment. Doch etwa 2 Kilometer vor meinem Zuhause \u00e4nderte sich alles. Der Regen wurde heftiger, und ich sp\u00fcrte, wie meine Kleidung durchn\u00e4sste. Aber ich lie\u00df mich nicht entmutigen \u2013 schlie\u00dflich geh\u00f6rt das zum Abenteuer eines L\u00e4ufers dazu!<\/p>\n\n<p>\u00a0<\/p>\n\t\t\t\t\t\t\t\t<\/div>\n\t\t\t\t<\/div>\n\t\t\t\t\t<\/div>\n\t\t<\/div>\n\t\t\t\t\t<\/div>\n\t\t<\/section>\n\t\t\t\t<\/div>\n\t\t","protected":false},"excerpt":{"rendered":"<p>Von Monsheim zur Kl\u00e4ranlage und zur\u00fcck Regen, Natur und Bewegung \u2013 eine perfekte Kombination f\u00fcr L\u00e4ufer. Gestern hatte ich Lust&hellip;<\/p>\n","protected":false},"author":1,"featured_media":1073,"comment_status":"open","ping_status":"open","sticky":false,"template":"","format":"standard","meta":{"footnotes":""},"categories":[167,3],"tags":[14,74,35,12,94,38,39,17,19],"class_list":["post-1072","post","type-post","status-publish","format-standard","has-post-thumbnail","hentry","category-training-baden-marathon-2024","category-von-0-auf-100","tag-laufen","tag-laufenmachtgluecklich","tag-mehralsnormal","tag-motivation","tag-motivationzumerfolg","tag-ultralaufen","tag-vielmehralsnormal","tag-willenskraft","tag-willensstaerke"],"_links":{"self":[{"href":"https:\/\/www.0-auf-100.com\/index.php?rest_route=\/wp\/v2\/posts\/1072","targetHints":{"allow":["GET"]}}],"collection":[{"href":"https:\/\/www.0-auf-100.com\/index.php?rest_route=\/wp\/v2\/posts"}],"about":[{"href":"https:\/\/www.0-auf-100.com\/index.php?rest_route=\/wp\/v2\/types\/post"}],"author":[{"embeddable":true,"href":"https:\/\/www.0-auf-100.com\/index.php?rest_route=\/wp\/v2\/users\/1"}],"replies":[{"embeddable":true,"href":"https:\/\/www.0-auf-100.com\/index.php?rest_route=%2Fwp%2Fv2%2Fcomments&post=1072"}],"version-history":[{"count":3,"href":"https:\/\/www.0-auf-100.com\/index.php?rest_route=\/wp\/v2\/posts\/1072\/revisions"}],"predecessor-version":[{"id":1076,"href":"https:\/\/www.0-auf-100.com\/index.php?rest_route=\/wp\/v2\/posts\/1072\/revisions\/1076"}],"wp:featuredmedia":[{"embeddable":true,"href":"https:\/\/www.0-auf-100.com\/index.php?rest_route=\/wp\/v2\/media\/1073"}],"wp:attachment":[{"href":"https:\/\/www.0-auf-100.com\/index.php?rest_route=%2Fwp%2Fv2%2Fmedia&parent=1072"}],"wp:term":[{"taxonomy":"category","embeddable":true,"href":"https:\/\/www.0-auf-100.com\/index.php?rest_route=%2Fwp%2Fv2%2Fcategories&post=1072"},{"taxonomy":"post_tag","embeddable":true,"href":"https:\/\/www.0-auf-100.com\/index.php?rest_route=%2Fwp%2Fv2%2Ftags&post=1072"}],"curies":[{"name":"wp","href":"https:\/\/api.w.org\/{rel}","templated":true}]}}